{"id":335,"date":"2023-05-07T00:00:00","date_gmt":"2023-05-06T22:00:00","guid":{"rendered":"http:\/\/holzfit.com\/?p=335"},"modified":"2025-03-09T15:57:19","modified_gmt":"2025-03-09T14:57:19","slug":"leistungsschau-2023","status":"publish","type":"post","link":"https:\/\/holzfit.com\/index.php\/2023\/05\/07\/leistungsschau-2023\/","title":{"rendered":"Leistungsschau 2023"},"content":{"rendered":"\n<p>Vielen Dank f\u00fcr Ihren Besuch an der Leistungsschau 2023 des <a href=\"http:\/\/www.g-v-r.de\/\" target=\"_blank\" rel=\"noreferrer noopener\">Gewerbeverein Rheinm\u00fcnster<\/a>. Wir hatten interessante Gespr\u00e4che und tolle&nbsp;Begegnungen.<\/p>\n\n\n\n<figure class=\"wp-block-image size-full is-style-default\"><img loading=\"lazy\" decoding=\"async\" width=\"1024\" height=\"768\" src=\"https:\/\/holzfit.com\/wp-content\/uploads\/2023\/05\/2023_05_07_Leistungsschau_Danke.jpg\" alt=\"Das Team von Kn\u00e4bel FIT auf der Leistungsschau 2023\" class=\"wp-image-336\" srcset=\"https:\/\/holzfit.com\/wp-content\/uploads\/2023\/05\/2023_05_07_Leistungsschau_Danke.jpg 1024w, https:\/\/holzfit.com\/wp-content\/uploads\/2023\/05\/2023_05_07_Leistungsschau_Danke-300x225.jpg 300w, https:\/\/holzfit.com\/wp-content\/uploads\/2023\/05\/2023_05_07_Leistungsschau_Danke-768x576.jpg 768w, https:\/\/holzfit.com\/wp-content\/uploads\/2023\/05\/2023_05_07_Leistungsschau_Danke-400x300.jpg 400w\" sizes=\"auto, (max-width: 1024px) 100vw, 1024px\" \/><\/figure>\n","protected":false},"excerpt":{"rendered":"<p>Vielen Dank f\u00fcr Ihren Besuch an der Leistungsschau 2023 des Gewerbeverein Rheinm\u00fcnster. Wir hatten interessante Gespr\u00e4che und tolle&nbsp;Begegnungen.<\/p>\n","protected":false},"author":1,"featured_media":0,"comment_status":"closed","ping_status":"open","sticky":false,"template":"","format":"standard","meta":{"footnotes":""},"categories":[1],"tags":[],"class_list":["post-335","post","type-post","status-publish","format-standard","hentry","category-allgemein"],"yoast_head":"<!-- This site is optimized with the Yoast SEO plugin v27.4 - https:\/\/yoast.com\/product\/yoast-seo-wordpress\/ -->\n<title>Leistungsschau 2023 - Holzfit Kn\u00e4bel<\/title>\n<meta name=\"description\" content=\"Vielen Dank f\u00fcr Ihren Besuch an der Leistungsschau 2023 des Gewerbeverein Rheinm\u00fcnster sowie interessante Gespr\u00e4che und tolle\u00a0Begegnungen.\" \/>\n<meta name=\"robots\" content=\"index, follow, max-snippet:-1, max-image-preview:large, max-video-preview:-1\" \/>\n<link rel=\"canonical\" href=\"https:\/\/holzfit.com\/index.php\/2023\/05\/07\/leistungsschau-2023\/\" \/>\n<meta property=\"og:locale\" content=\"de_DE\" \/>\n<meta property=\"og:type\" content=\"article\" \/>\n<meta property=\"og:title\" content=\"Leistungsschau 2023 - Holzfit Kn\u00e4bel\" \/>\n<meta property=\"og:description\" content=\"Vielen Dank f\u00fcr Ihren Besuch an der Leistungsschau 2023 des Gewerbeverein Rheinm\u00fcnster sowie interessante Gespr\u00e4che und tolle\u00a0Begegnungen.\" \/>\n<meta property=\"og:url\" content=\"https:\/\/holzfit.com\/index.php\/2023\/05\/07\/leistungsschau-2023\/\" \/>\n<meta property=\"og:site_name\" content=\"Holzfit Kn\u00e4bel\" \/>\n<meta property=\"article:publisher\" content=\"https:\/\/www.facebook.com\/Holzfit\" \/>\n<meta property=\"article:published_time\" content=\"2023-05-06T22:00:00+00:00\" \/>\n<meta property=\"article:modified_time\" content=\"2025-03-09T14:57:19+00:00\" \/>\n<meta property=\"og:image\" content=\"http:\/\/holzfit.com\/wp-content\/uploads\/2023\/05\/2023_05_07_Leistungsschau_Danke.jpg\" \/>\n<meta name=\"author\" content=\"andreas\" \/>\n<meta name=\"twitter:card\" content=\"summary_large_image\" \/>\n<meta name=\"twitter:label1\" content=\"Verfasst von\" \/>\n\t<meta name=\"twitter:data1\" content=\"andreas\" \/>\n\t<meta name=\"twitter:label2\" content=\"Gesch\u00e4tzte Lesezeit\" \/>\n\t<meta name=\"twitter:data2\" content=\"1\u00a0Minute\" \/>\n<script type=\"application\/ld+json\" class=\"yoast-schema-graph\">{\"@context\":\"https:\\\/\\\/schema.org\",\"@graph\":[{\"@type\":\"Article\",\"@id\":\"https:\\\/\\\/holzfit.com\\\/index.php\\\/2023\\\/05\\\/07\\\/leistungsschau-2023\\\/#article\",\"isPartOf\":{\"@id\":\"https:\\\/\\\/holzfit.com\\\/index.php\\\/2023\\\/05\\\/07\\\/leistungsschau-2023\\\/\"},\"author\":{\"name\":\"andreas\",\"@id\":\"https:\\\/\\\/holzfit.com\\\/#\\\/schema\\\/person\\\/d0d78905a027e7812592ea8b8c7e4269\"},\"headline\":\"Leistungsschau 2023\",\"datePublished\":\"2023-05-06T22:00:00+00:00\",\"dateModified\":\"2025-03-09T14:57:19+00:00\",\"mainEntityOfPage\":{\"@id\":\"https:\\\/\\\/holzfit.com\\\/index.php\\\/2023\\\/05\\\/07\\\/leistungsschau-2023\\\/\"},\"wordCount\":23,\"publisher\":{\"@id\":\"https:\\\/\\\/holzfit.com\\\/#organization\"},\"image\":{\"@id\":\"https:\\\/\\\/holzfit.com\\\/index.php\\\/2023\\\/05\\\/07\\\/leistungsschau-2023\\\/#primaryimage\"},\"thumbnailUrl\":\"http:\\\/\\\/holzfit.com\\\/wp-content\\\/uploads\\\/2023\\\/05\\\/2023_05_07_Leistungsschau_Danke.jpg\",\"inLanguage\":\"de\"},{\"@type\":\"WebPage\",\"@id\":\"https:\\\/\\\/holzfit.com\\\/index.php\\\/2023\\\/05\\\/07\\\/leistungsschau-2023\\\/\",\"url\":\"https:\\\/\\\/holzfit.com\\\/index.php\\\/2023\\\/05\\\/07\\\/leistungsschau-2023\\\/\",\"name\":\"Leistungsschau 2023 - Holzfit Kn\u00e4bel\",\"isPartOf\":{\"@id\":\"https:\\\/\\\/holzfit.com\\\/#website\"},\"primaryImageOfPage\":{\"@id\":\"https:\\\/\\\/holzfit.com\\\/index.php\\\/2023\\\/05\\\/07\\\/leistungsschau-2023\\\/#primaryimage\"},\"image\":{\"@id\":\"https:\\\/\\\/holzfit.com\\\/index.php\\\/2023\\\/05\\\/07\\\/leistungsschau-2023\\\/#primaryimage\"},\"thumbnailUrl\":\"http:\\\/\\\/holzfit.com\\\/wp-content\\\/uploads\\\/2023\\\/05\\\/2023_05_07_Leistungsschau_Danke.jpg\",\"datePublished\":\"2023-05-06T22:00:00+00:00\",\"dateModified\":\"2025-03-09T14:57:19+00:00\",\"description\":\"Vielen Dank f\u00fcr Ihren Besuch an der Leistungsschau 2023 des Gewerbeverein Rheinm\u00fcnster sowie interessante Gespr\u00e4che und tolle\u00a0Begegnungen.\",\"breadcrumb\":{\"@id\":\"https:\\\/\\\/holzfit.com\\\/index.php\\\/2023\\\/05\\\/07\\\/leistungsschau-2023\\\/#breadcrumb\"},\"inLanguage\":\"de\",\"potentialAction\":[{\"@type\":\"ReadAction\",\"target\":[\"https:\\\/\\\/holzfit.com\\\/index.php\\\/2023\\\/05\\\/07\\\/leistungsschau-2023\\\/\"]}]},{\"@type\":\"ImageObject\",\"inLanguage\":\"de\",\"@id\":\"https:\\\/\\\/holzfit.com\\\/index.php\\\/2023\\\/05\\\/07\\\/leistungsschau-2023\\\/#primaryimage\",\"url\":\"http:\\\/\\\/holzfit.com\\\/wp-content\\\/uploads\\\/2023\\\/05\\\/2023_05_07_Leistungsschau_Danke.jpg\",\"contentUrl\":\"http:\\\/\\\/holzfit.com\\\/wp-content\\\/uploads\\\/2023\\\/05\\\/2023_05_07_Leistungsschau_Danke.jpg\"},{\"@type\":\"BreadcrumbList\",\"@id\":\"https:\\\/\\\/holzfit.com\\\/index.php\\\/2023\\\/05\\\/07\\\/leistungsschau-2023\\\/#breadcrumb\",\"itemListElement\":[{\"@type\":\"ListItem\",\"position\":1,\"name\":\"Startseite\",\"item\":\"https:\\\/\\\/holzfit.com\\\/\"},{\"@type\":\"ListItem\",\"position\":2,\"name\":\"Leistungsschau 2023\"}]},{\"@type\":\"WebSite\",\"@id\":\"https:\\\/\\\/holzfit.com\\\/#website\",\"url\":\"https:\\\/\\\/holzfit.com\\\/\",\"name\":\"Holzfit Kn\u00e4bel\",\"description\":\"f\u00fcr sch\u00f6nes, gesundes &amp; sicheres Wohnen\",\"publisher\":{\"@id\":\"https:\\\/\\\/holzfit.com\\\/#organization\"},\"potentialAction\":[{\"@type\":\"SearchAction\",\"target\":{\"@type\":\"EntryPoint\",\"urlTemplate\":\"https:\\\/\\\/holzfit.com\\\/?s={search_term_string}\"},\"query-input\":{\"@type\":\"PropertyValueSpecification\",\"valueRequired\":true,\"valueName\":\"search_term_string\"}}],\"inLanguage\":\"de\"},{\"@type\":\"Organization\",\"@id\":\"https:\\\/\\\/holzfit.com\\\/#organization\",\"name\":\"Holzfit Kn\u00e4bel\",\"url\":\"https:\\\/\\\/holzfit.com\\\/\",\"logo\":{\"@type\":\"ImageObject\",\"inLanguage\":\"de\",\"@id\":\"https:\\\/\\\/holzfit.com\\\/#\\\/schema\\\/logo\\\/image\\\/\",\"url\":\"http:\\\/\\\/holzfit.com\\\/wp-content\\\/uploads\\\/2015\\\/11\\\/logo_knaebel_1000x222_rund.jpg\",\"contentUrl\":\"http:\\\/\\\/holzfit.com\\\/wp-content\\\/uploads\\\/2015\\\/11\\\/logo_knaebel_1000x222_rund.jpg\",\"width\":1000,\"height\":222,\"caption\":\"Holzfit Kn\u00e4bel\"},\"image\":{\"@id\":\"https:\\\/\\\/holzfit.com\\\/#\\\/schema\\\/logo\\\/image\\\/\"},\"sameAs\":[\"https:\\\/\\\/www.facebook.com\\\/Holzfit\"]},{\"@type\":\"Person\",\"@id\":\"https:\\\/\\\/holzfit.com\\\/#\\\/schema\\\/person\\\/d0d78905a027e7812592ea8b8c7e4269\",\"name\":\"andreas\",\"image\":{\"@type\":\"ImageObject\",\"inLanguage\":\"de\",\"@id\":\"https:\\\/\\\/secure.gravatar.com\\\/avatar\\\/5d6eb16dd7fc7e4b510ffaa2d8c3720cf7a6a39b3017ebf9c5ec8fdd577e12a0?s=96&d=mm&r=g\",\"url\":\"https:\\\/\\\/secure.gravatar.com\\\/avatar\\\/5d6eb16dd7fc7e4b510ffaa2d8c3720cf7a6a39b3017ebf9c5ec8fdd577e12a0?s=96&d=mm&r=g\",\"contentUrl\":\"https:\\\/\\\/secure.gravatar.com\\\/avatar\\\/5d6eb16dd7fc7e4b510ffaa2d8c3720cf7a6a39b3017ebf9c5ec8fdd577e12a0?s=96&d=mm&r=g\",\"caption\":\"andreas\"},\"url\":\"https:\\\/\\\/holzfit.com\\\/index.php\\\/author\\\/andreas\\\/\"}]}<\/script>\n<!-- \/ Yoast SEO plugin. -->","yoast_head_json":{"title":"Leistungsschau 2023 - Holzfit Kn\u00e4bel","description":"Vielen Dank f\u00fcr Ihren Besuch an der Leistungsschau 2023 des Gewerbeverein Rheinm\u00fcnster sowie interessante Gespr\u00e4che und tolle\u00a0Begegnungen.","robots":{"index":"index","follow":"follow","max-snippet":"max-snippet:-1","max-image-preview":"max-image-preview:large","max-video-preview":"max-video-preview:-1"},"canonical":"https:\/\/holzfit.com\/index.php\/2023\/05\/07\/leistungsschau-2023\/","og_locale":"de_DE","og_type":"article","og_title":"Leistungsschau 2023 - Holzfit Kn\u00e4bel","og_description":"Vielen Dank f\u00fcr Ihren Besuch an der Leistungsschau 2023 des Gewerbeverein Rheinm\u00fcnster sowie interessante Gespr\u00e4che und tolle\u00a0Begegnungen.","og_url":"https:\/\/holzfit.com\/index.php\/2023\/05\/07\/leistungsschau-2023\/","og_site_name":"Holzfit Kn\u00e4bel","article_publisher":"https:\/\/www.facebook.com\/Holzfit","article_published_time":"2023-05-06T22:00:00+00:00","article_modified_time":"2025-03-09T14:57:19+00:00","og_image":[{"url":"http:\/\/holzfit.com\/wp-content\/uploads\/2023\/05\/2023_05_07_Leistungsschau_Danke.jpg","type":"","width":"","height":""}],"author":"andreas","twitter_card":"summary_large_image","twitter_misc":{"Verfasst von":"andreas","Gesch\u00e4tzte Lesezeit":"1\u00a0Minute"},"schema":{"@context":"https:\/\/schema.org","@graph":[{"@type":"Article","@id":"https:\/\/holzfit.com\/index.php\/2023\/05\/07\/leistungsschau-2023\/#article","isPartOf":{"@id":"https:\/\/holzfit.com\/index.php\/2023\/05\/07\/leistungsschau-2023\/"},"author":{"name":"andreas","@id":"https:\/\/holzfit.com\/#\/schema\/person\/d0d78905a027e7812592ea8b8c7e4269"},"headline":"Leistungsschau 2023","datePublished":"2023-05-06T22:00:00+00:00","dateModified":"2025-03-09T14:57:19+00:00","mainEntityOfPage":{"@id":"https:\/\/holzfit.com\/index.php\/2023\/05\/07\/leistungsschau-2023\/"},"wordCount":23,"publisher":{"@id":"https:\/\/holzfit.com\/#organization"},"image":{"@id":"https:\/\/holzfit.com\/index.php\/2023\/05\/07\/leistungsschau-2023\/#primaryimage"},"thumbnailUrl":"http:\/\/holzfit.com\/wp-content\/uploads\/2023\/05\/2023_05_07_Leistungsschau_Danke.jpg","inLanguage":"de"},{"@type":"WebPage","@id":"https:\/\/holzfit.com\/index.php\/2023\/05\/07\/leistungsschau-2023\/","url":"https:\/\/holzfit.com\/index.php\/2023\/05\/07\/leistungsschau-2023\/","name":"Leistungsschau 2023 - Holzfit Kn\u00e4bel","isPartOf":{"@id":"https:\/\/holzfit.com\/#website"},"primaryImageOfPage":{"@id":"https:\/\/holzfit.com\/index.php\/2023\/05\/07\/leistungsschau-2023\/#primaryimage"},"image":{"@id":"https:\/\/holzfit.com\/index.php\/2023\/05\/07\/leistungsschau-2023\/#primaryimage"},"thumbnailUrl":"http:\/\/holzfit.com\/wp-content\/uploads\/2023\/05\/2023_05_07_Leistungsschau_Danke.jpg","datePublished":"2023-05-06T22:00:00+00:00","dateModified":"2025-03-09T14:57:19+00:00","description":"Vielen Dank f\u00fcr Ihren Besuch an der Leistungsschau 2023 des Gewerbeverein Rheinm\u00fcnster sowie interessante Gespr\u00e4che und tolle\u00a0Begegnungen.","breadcrumb":{"@id":"https:\/\/holzfit.com\/index.php\/2023\/05\/07\/leistungsschau-2023\/#breadcrumb"},"inLanguage":"de","potentialAction":[{"@type":"ReadAction","target":["https:\/\/holzfit.com\/index.php\/2023\/05\/07\/leistungsschau-2023\/"]}]},{"@type":"ImageObject","inLanguage":"de","@id":"https:\/\/holzfit.com\/index.php\/2023\/05\/07\/leistungsschau-2023\/#primaryimage","url":"http:\/\/holzfit.com\/wp-content\/uploads\/2023\/05\/2023_05_07_Leistungsschau_Danke.jpg","contentUrl":"http:\/\/holzfit.com\/wp-content\/uploads\/2023\/05\/2023_05_07_Leistungsschau_Danke.jpg"},{"@type":"BreadcrumbList","@id":"https:\/\/holzfit.com\/index.php\/2023\/05\/07\/leistungsschau-2023\/#breadcrumb","itemListElement":[{"@type":"ListItem","position":1,"name":"Startseite","item":"https:\/\/holzfit.com\/"},{"@type":"ListItem","position":2,"name":"Leistungsschau 2023"}]},{"@type":"WebSite","@id":"https:\/\/holzfit.com\/#website","url":"https:\/\/holzfit.com\/","name":"Holzfit Kn\u00e4bel","description":"f\u00fcr sch\u00f6nes, gesundes &amp; sicheres Wohnen","publisher":{"@id":"https:\/\/holzfit.com\/#organization"},"potentialAction":[{"@type":"SearchAction","target":{"@type":"EntryPoint","urlTemplate":"https:\/\/holzfit.com\/?s={search_term_string}"},"query-input":{"@type":"PropertyValueSpecification","valueRequired":true,"valueName":"search_term_string"}}],"inLanguage":"de"},{"@type":"Organization","@id":"https:\/\/holzfit.com\/#organization","name":"Holzfit Kn\u00e4bel","url":"https:\/\/holzfit.com\/","logo":{"@type":"ImageObject","inLanguage":"de","@id":"https:\/\/holzfit.com\/#\/schema\/logo\/image\/","url":"http:\/\/holzfit.com\/wp-content\/uploads\/2015\/11\/logo_knaebel_1000x222_rund.jpg","contentUrl":"http:\/\/holzfit.com\/wp-content\/uploads\/2015\/11\/logo_knaebel_1000x222_rund.jpg","width":1000,"height":222,"caption":"Holzfit Kn\u00e4bel"},"image":{"@id":"https:\/\/holzfit.com\/#\/schema\/logo\/image\/"},"sameAs":["https:\/\/www.facebook.com\/Holzfit"]},{"@type":"Person","@id":"https:\/\/holzfit.com\/#\/schema\/person\/d0d78905a027e7812592ea8b8c7e4269","name":"andreas","image":{"@type":"ImageObject","inLanguage":"de","@id":"https:\/\/secure.gravatar.com\/avatar\/5d6eb16dd7fc7e4b510ffaa2d8c3720cf7a6a39b3017ebf9c5ec8fdd577e12a0?s=96&d=mm&r=g","url":"https:\/\/secure.gravatar.com\/avatar\/5d6eb16dd7fc7e4b510ffaa2d8c3720cf7a6a39b3017ebf9c5ec8fdd577e12a0?s=96&d=mm&r=g","contentUrl":"https:\/\/secure.gravatar.com\/avatar\/5d6eb16dd7fc7e4b510ffaa2d8c3720cf7a6a39b3017ebf9c5ec8fdd577e12a0?s=96&d=mm&r=g","caption":"andreas"},"url":"https:\/\/holzfit.com\/index.php\/author\/andreas\/"}]}},"_links":{"self":[{"href":"https:\/\/holzfit.com\/index.php\/wp-json\/wp\/v2\/posts\/335","targetHints":{"allow":["GET"]}}],"collection":[{"href":"https:\/\/holzfit.com\/index.php\/wp-json\/wp\/v2\/posts"}],"about":[{"href":"https:\/\/holzfit.com\/index.php\/wp-json\/wp\/v2\/types\/post"}],"author":[{"embeddable":true,"href":"https:\/\/holzfit.com\/index.php\/wp-json\/wp\/v2\/users\/1"}],"replies":[{"embeddable":true,"href":"https:\/\/holzfit.com\/index.php\/wp-json\/wp\/v2\/comments?post=335"}],"version-history":[{"count":4,"href":"https:\/\/holzfit.com\/index.php\/wp-json\/wp\/v2\/posts\/335\/revisions"}],"predecessor-version":[{"id":465,"href":"https:\/\/holzfit.com\/index.php\/wp-json\/wp\/v2\/posts\/335\/revisions\/465"}],"wp:attachment":[{"href":"https:\/\/holzfit.com\/index.php\/wp-json\/wp\/v2\/media?parent=335"}],"wp:term":[{"taxonomy":"category","embeddable":true,"href":"https:\/\/holzfit.com\/index.php\/wp-json\/wp\/v2\/categories?post=335"},{"taxonomy":"post_tag","embeddable":true,"href":"https:\/\/holzfit.com\/index.php\/wp-json\/wp\/v2\/tags?post=335"}],"curies":[{"name":"wp","href":"https:\/\/api.w.org\/{rel}","templated":true}]}}