{"id":472,"date":"2025-03-20T09:23:03","date_gmt":"2025-03-20T08:23:03","guid":{"rendered":"https:\/\/holzfit.com\/?p=472"},"modified":"2025-03-20T09:25:57","modified_gmt":"2025-03-20T08:25:57","slug":"31-buehler-gesundheitstage-ein-voller-erfolg","status":"publish","type":"post","link":"https:\/\/holzfit.com\/index.php\/2025\/03\/20\/31-buehler-gesundheitstage-ein-voller-erfolg\/","title":{"rendered":"31. B\u00fchler Gesundheitstage &#8211; ein voller Erfolg!"},"content":{"rendered":"\n<p>Die B\u00fchler Gesundheitstage am vergangenen Wochenende im B\u00fcrgerhaus Neuer Markt waren eine gro\u00dfartige Erfahrung!<\/p>\n\n\n\n<p>Als Aussteller durften wir viele spannende Gespr\u00e4che f\u00fchren und interessierte Besucher \u00fcber unsere effektiven L\u00f6sungen zum Schutz der Insekten informieren. \ud83e\udeb0<\/p>\n\n\n\n<p>Ein Dankesch\u00f6n an die Veranstalter und Besucher &#8211; es war eine tolle Atmosph\u00e4re. \u2728<\/p>\n\n\n\n<div class=\"wp-block-cb-carousel cb-single-slide\" data-slick=\"{&quot;slidesToShow&quot;:1,&quot;slidesToScroll&quot;:1,&quot;speed&quot;:300,&quot;arrows&quot;:true,&quot;dots&quot;:true,&quot;autoplay&quot;:true,&quot;autoplaySpeed&quot;:3000,&quot;infinite&quot;:false,&quot;responsive&quot;:[{&quot;breakpoint&quot;:769,&quot;settings&quot;:{&quot;slidesToShow&quot;:1,&quot;slidesToScroll&quot;:1}}]}\">\n<div class=\"wp-block-cb-slide\">\n<figure class=\"wp-block-image size-large\"><a href=\"https:\/\/holzfit.com\/wp-content\/uploads\/2025\/03\/20250316_1-scaled.jpg\"><img loading=\"lazy\" decoding=\"async\" width=\"768\" height=\"1024\" src=\"https:\/\/holzfit.com\/wp-content\/uploads\/2025\/03\/20250316_1-768x1024.jpg\" alt=\"\" class=\"wp-image-473\" srcset=\"https:\/\/holzfit.com\/wp-content\/uploads\/2025\/03\/20250316_1-768x1024.jpg 768w, https:\/\/holzfit.com\/wp-content\/uploads\/2025\/03\/20250316_1-225x300.jpg 225w, https:\/\/holzfit.com\/wp-content\/uploads\/2025\/03\/20250316_1-1152x1536.jpg 1152w, https:\/\/holzfit.com\/wp-content\/uploads\/2025\/03\/20250316_1-1536x2048.jpg 1536w, https:\/\/holzfit.com\/wp-content\/uploads\/2025\/03\/20250316_1-scaled.jpg 1920w\" sizes=\"auto, (max-width: 768px) 100vw, 768px\" \/><\/a><\/figure>\n<\/div>\n\n\n\n<div class=\"wp-block-cb-slide\">\n<figure class=\"wp-block-image size-large\"><a href=\"https:\/\/holzfit.com\/wp-content\/uploads\/2025\/03\/20250316_2-scaled.jpg\"><img loading=\"lazy\" decoding=\"async\" width=\"732\" height=\"1024\" src=\"https:\/\/holzfit.com\/wp-content\/uploads\/2025\/03\/20250316_2-732x1024.jpg\" alt=\"\" class=\"wp-image-474\" srcset=\"https:\/\/holzfit.com\/wp-content\/uploads\/2025\/03\/20250316_2-732x1024.jpg 732w, https:\/\/holzfit.com\/wp-content\/uploads\/2025\/03\/20250316_2-214x300.jpg 214w, https:\/\/holzfit.com\/wp-content\/uploads\/2025\/03\/20250316_2-768x1075.jpg 768w, https:\/\/holzfit.com\/wp-content\/uploads\/2025\/03\/20250316_2-1097x1536.jpg 1097w, https:\/\/holzfit.com\/wp-content\/uploads\/2025\/03\/20250316_2-1463x2048.jpg 1463w, https:\/\/holzfit.com\/wp-content\/uploads\/2025\/03\/20250316_2-scaled.jpg 1829w\" sizes=\"auto, (max-width: 732px) 100vw, 732px\" \/><\/a><\/figure>\n<\/div>\n\n\n\n<div class=\"wp-block-cb-slide\">\n<figure class=\"wp-block-image size-large\"><a href=\"https:\/\/holzfit.com\/wp-content\/uploads\/2025\/03\/20250316_3-scaled.jpg\"><img loading=\"lazy\" decoding=\"async\" width=\"1024\" height=\"989\" src=\"https:\/\/holzfit.com\/wp-content\/uploads\/2025\/03\/20250316_3-1024x989.jpg\" alt=\"\" class=\"wp-image-475\" srcset=\"https:\/\/holzfit.com\/wp-content\/uploads\/2025\/03\/20250316_3-1024x989.jpg 1024w, https:\/\/holzfit.com\/wp-content\/uploads\/2025\/03\/20250316_3-300x290.jpg 300w, https:\/\/holzfit.com\/wp-content\/uploads\/2025\/03\/20250316_3-768x741.jpg 768w, https:\/\/holzfit.com\/wp-content\/uploads\/2025\/03\/20250316_3-1536x1483.jpg 1536w, https:\/\/holzfit.com\/wp-content\/uploads\/2025\/03\/20250316_3-2048x1977.jpg 2048w, https:\/\/holzfit.com\/wp-content\/uploads\/2025\/03\/20250316_3-311x300.jpg 311w\" sizes=\"auto, (max-width: 1024px) 100vw, 1024px\" \/><\/a><\/figure>\n<\/div>\n<\/div>\n","protected":false},"excerpt":{"rendered":"<p>Die B\u00fchler Gesundheitstage am vergangenen Wochenende im B\u00fcrgerhaus Neuer Markt waren eine gro\u00dfartige Erfahrung! Als Aussteller durften wir viele spannende Gespr\u00e4che f\u00fchren und interessierte Besucher \u00fcber unsere effektiven L\u00f6sungen zum Schutz der Insekten informieren. \ud83e\udeb0 Ein Dankesch\u00f6n an die Veranstalter &hellip; <a href=\"https:\/\/holzfit.com\/index.php\/2025\/03\/20\/31-buehler-gesundheitstage-ein-voller-erfolg\/\">Weiterlesen <span class=\"meta-nav\">&rarr;<\/span><\/a><\/p>\n","protected":false},"author":1,"featured_media":0,"comment_status":"closed","ping_status":"open","sticky":false,"template":"","format":"standard","meta":{"footnotes":""},"categories":[1],"tags":[],"class_list":["post-472","post","type-post","status-publish","format-standard","hentry","category-allgemein"],"yoast_head":"<!-- This site is optimized with the Yoast SEO plugin v27.5 - https:\/\/yoast.com\/product\/yoast-seo-wordpress\/ -->\n<title>31. B\u00fchler Gesundheitstage - ein voller Erfolg! - Holzfit Kn\u00e4bel<\/title>\n<meta name=\"robots\" content=\"index, follow, max-snippet:-1, max-image-preview:large, max-video-preview:-1\" \/>\n<link rel=\"canonical\" href=\"https:\/\/holzfit.com\/index.php\/2025\/03\/20\/31-buehler-gesundheitstage-ein-voller-erfolg\/\" \/>\n<meta property=\"og:locale\" content=\"de_DE\" \/>\n<meta property=\"og:type\" content=\"article\" \/>\n<meta property=\"og:title\" content=\"31. B\u00fchler Gesundheitstage - ein voller Erfolg! - Holzfit Kn\u00e4bel\" \/>\n<meta property=\"og:description\" content=\"Die B\u00fchler Gesundheitstage am vergangenen Wochenende im B\u00fcrgerhaus Neuer Markt waren eine gro\u00dfartige Erfahrung! Als Aussteller durften wir viele spannende Gespr\u00e4che f\u00fchren und interessierte Besucher \u00fcber unsere effektiven L\u00f6sungen zum Schutz der Insekten informieren. \ud83e\udeb0 Ein Dankesch\u00f6n an die Veranstalter &hellip; Weiterlesen &rarr;\" \/>\n<meta property=\"og:url\" content=\"https:\/\/holzfit.com\/index.php\/2025\/03\/20\/31-buehler-gesundheitstage-ein-voller-erfolg\/\" \/>\n<meta property=\"og:site_name\" content=\"Holzfit Kn\u00e4bel\" \/>\n<meta property=\"article:publisher\" content=\"https:\/\/www.facebook.com\/Holzfit\" \/>\n<meta property=\"article:published_time\" content=\"2025-03-20T08:23:03+00:00\" \/>\n<meta property=\"article:modified_time\" content=\"2025-03-20T08:25:57+00:00\" \/>\n<meta property=\"og:image\" content=\"https:\/\/holzfit.com\/wp-content\/uploads\/2025\/03\/20250316_1-scaled.jpg\" \/>\n\t<meta property=\"og:image:width\" content=\"1920\" \/>\n\t<meta property=\"og:image:height\" content=\"2560\" \/>\n\t<meta property=\"og:image:type\" content=\"image\/jpeg\" \/>\n<meta name=\"author\" content=\"andreas\" \/>\n<meta name=\"twitter:card\" content=\"summary_large_image\" \/>\n<meta name=\"twitter:label1\" content=\"Verfasst von\" \/>\n\t<meta name=\"twitter:data1\" content=\"andreas\" \/>\n\t<meta name=\"twitter:label2\" content=\"Gesch\u00e4tzte Lesezeit\" \/>\n\t<meta name=\"twitter:data2\" content=\"1\u00a0Minute\" \/>\n<script type=\"application\/ld+json\" class=\"yoast-schema-graph\">{\"@context\":\"https:\\\/\\\/schema.org\",\"@graph\":[{\"@type\":\"Article\",\"@id\":\"https:\\\/\\\/holzfit.com\\\/index.php\\\/2025\\\/03\\\/20\\\/31-buehler-gesundheitstage-ein-voller-erfolg\\\/#article\",\"isPartOf\":{\"@id\":\"https:\\\/\\\/holzfit.com\\\/index.php\\\/2025\\\/03\\\/20\\\/31-buehler-gesundheitstage-ein-voller-erfolg\\\/\"},\"author\":{\"name\":\"andreas\",\"@id\":\"https:\\\/\\\/holzfit.com\\\/#\\\/schema\\\/person\\\/d0d78905a027e7812592ea8b8c7e4269\"},\"headline\":\"31. B\u00fchler Gesundheitstage &#8211; ein voller Erfolg!\",\"datePublished\":\"2025-03-20T08:23:03+00:00\",\"dateModified\":\"2025-03-20T08:25:57+00:00\",\"mainEntityOfPage\":{\"@id\":\"https:\\\/\\\/holzfit.com\\\/index.php\\\/2025\\\/03\\\/20\\\/31-buehler-gesundheitstage-ein-voller-erfolg\\\/\"},\"wordCount\":62,\"publisher\":{\"@id\":\"https:\\\/\\\/holzfit.com\\\/#organization\"},\"image\":{\"@id\":\"https:\\\/\\\/holzfit.com\\\/index.php\\\/2025\\\/03\\\/20\\\/31-buehler-gesundheitstage-ein-voller-erfolg\\\/#primaryimage\"},\"thumbnailUrl\":\"https:\\\/\\\/holzfit.com\\\/wp-content\\\/uploads\\\/2025\\\/03\\\/20250316_1-768x1024.jpg\",\"inLanguage\":\"de\"},{\"@type\":\"WebPage\",\"@id\":\"https:\\\/\\\/holzfit.com\\\/index.php\\\/2025\\\/03\\\/20\\\/31-buehler-gesundheitstage-ein-voller-erfolg\\\/\",\"url\":\"https:\\\/\\\/holzfit.com\\\/index.php\\\/2025\\\/03\\\/20\\\/31-buehler-gesundheitstage-ein-voller-erfolg\\\/\",\"name\":\"31. B\u00fchler Gesundheitstage - ein voller Erfolg! - Holzfit Kn\u00e4bel\",\"isPartOf\":{\"@id\":\"https:\\\/\\\/holzfit.com\\\/#website\"},\"primaryImageOfPage\":{\"@id\":\"https:\\\/\\\/holzfit.com\\\/index.php\\\/2025\\\/03\\\/20\\\/31-buehler-gesundheitstage-ein-voller-erfolg\\\/#primaryimage\"},\"image\":{\"@id\":\"https:\\\/\\\/holzfit.com\\\/index.php\\\/2025\\\/03\\\/20\\\/31-buehler-gesundheitstage-ein-voller-erfolg\\\/#primaryimage\"},\"thumbnailUrl\":\"https:\\\/\\\/holzfit.com\\\/wp-content\\\/uploads\\\/2025\\\/03\\\/20250316_1-768x1024.jpg\",\"datePublished\":\"2025-03-20T08:23:03+00:00\",\"dateModified\":\"2025-03-20T08:25:57+00:00\",\"breadcrumb\":{\"@id\":\"https:\\\/\\\/holzfit.com\\\/index.php\\\/2025\\\/03\\\/20\\\/31-buehler-gesundheitstage-ein-voller-erfolg\\\/#breadcrumb\"},\"inLanguage\":\"de\",\"potentialAction\":[{\"@type\":\"ReadAction\",\"target\":[\"https:\\\/\\\/holzfit.com\\\/index.php\\\/2025\\\/03\\\/20\\\/31-buehler-gesundheitstage-ein-voller-erfolg\\\/\"]}]},{\"@type\":\"ImageObject\",\"inLanguage\":\"de\",\"@id\":\"https:\\\/\\\/holzfit.com\\\/index.php\\\/2025\\\/03\\\/20\\\/31-buehler-gesundheitstage-ein-voller-erfolg\\\/#primaryimage\",\"url\":\"https:\\\/\\\/holzfit.com\\\/wp-content\\\/uploads\\\/2025\\\/03\\\/20250316_1-scaled.jpg\",\"contentUrl\":\"https:\\\/\\\/holzfit.com\\\/wp-content\\\/uploads\\\/2025\\\/03\\\/20250316_1-scaled.jpg\",\"width\":1920,\"height\":2560},{\"@type\":\"BreadcrumbList\",\"@id\":\"https:\\\/\\\/holzfit.com\\\/index.php\\\/2025\\\/03\\\/20\\\/31-buehler-gesundheitstage-ein-voller-erfolg\\\/#breadcrumb\",\"itemListElement\":[{\"@type\":\"ListItem\",\"position\":1,\"name\":\"Startseite\",\"item\":\"https:\\\/\\\/holzfit.com\\\/\"},{\"@type\":\"ListItem\",\"position\":2,\"name\":\"31. B\u00fchler Gesundheitstage &#8211; ein voller Erfolg!\"}]},{\"@type\":\"WebSite\",\"@id\":\"https:\\\/\\\/holzfit.com\\\/#website\",\"url\":\"https:\\\/\\\/holzfit.com\\\/\",\"name\":\"Holzfit Kn\u00e4bel\",\"description\":\"f\u00fcr sch\u00f6nes, gesundes &amp; sicheres Wohnen\",\"publisher\":{\"@id\":\"https:\\\/\\\/holzfit.com\\\/#organization\"},\"potentialAction\":[{\"@type\":\"SearchAction\",\"target\":{\"@type\":\"EntryPoint\",\"urlTemplate\":\"https:\\\/\\\/holzfit.com\\\/?s={search_term_string}\"},\"query-input\":{\"@type\":\"PropertyValueSpecification\",\"valueRequired\":true,\"valueName\":\"search_term_string\"}}],\"inLanguage\":\"de\"},{\"@type\":\"Organization\",\"@id\":\"https:\\\/\\\/holzfit.com\\\/#organization\",\"name\":\"Holzfit Kn\u00e4bel\",\"url\":\"https:\\\/\\\/holzfit.com\\\/\",\"logo\":{\"@type\":\"ImageObject\",\"inLanguage\":\"de\",\"@id\":\"https:\\\/\\\/holzfit.com\\\/#\\\/schema\\\/logo\\\/image\\\/\",\"url\":\"http:\\\/\\\/holzfit.com\\\/wp-content\\\/uploads\\\/2015\\\/11\\\/logo_knaebel_1000x222_rund.jpg\",\"contentUrl\":\"http:\\\/\\\/holzfit.com\\\/wp-content\\\/uploads\\\/2015\\\/11\\\/logo_knaebel_1000x222_rund.jpg\",\"width\":1000,\"height\":222,\"caption\":\"Holzfit Kn\u00e4bel\"},\"image\":{\"@id\":\"https:\\\/\\\/holzfit.com\\\/#\\\/schema\\\/logo\\\/image\\\/\"},\"sameAs\":[\"https:\\\/\\\/www.facebook.com\\\/Holzfit\"]},{\"@type\":\"Person\",\"@id\":\"https:\\\/\\\/holzfit.com\\\/#\\\/schema\\\/person\\\/d0d78905a027e7812592ea8b8c7e4269\",\"name\":\"andreas\",\"image\":{\"@type\":\"ImageObject\",\"inLanguage\":\"de\",\"@id\":\"https:\\\/\\\/secure.gravatar.com\\\/avatar\\\/5d6eb16dd7fc7e4b510ffaa2d8c3720cf7a6a39b3017ebf9c5ec8fdd577e12a0?s=96&d=mm&r=g\",\"url\":\"https:\\\/\\\/secure.gravatar.com\\\/avatar\\\/5d6eb16dd7fc7e4b510ffaa2d8c3720cf7a6a39b3017ebf9c5ec8fdd577e12a0?s=96&d=mm&r=g\",\"contentUrl\":\"https:\\\/\\\/secure.gravatar.com\\\/avatar\\\/5d6eb16dd7fc7e4b510ffaa2d8c3720cf7a6a39b3017ebf9c5ec8fdd577e12a0?s=96&d=mm&r=g\",\"caption\":\"andreas\"},\"url\":\"https:\\\/\\\/holzfit.com\\\/index.php\\\/author\\\/andreas\\\/\"}]}<\/script>\n<!-- \/ Yoast SEO plugin. -->","yoast_head_json":{"title":"31. B\u00fchler Gesundheitstage - ein voller Erfolg! - Holzfit Kn\u00e4bel","robots":{"index":"index","follow":"follow","max-snippet":"max-snippet:-1","max-image-preview":"max-image-preview:large","max-video-preview":"max-video-preview:-1"},"canonical":"https:\/\/holzfit.com\/index.php\/2025\/03\/20\/31-buehler-gesundheitstage-ein-voller-erfolg\/","og_locale":"de_DE","og_type":"article","og_title":"31. B\u00fchler Gesundheitstage - ein voller Erfolg! - Holzfit Kn\u00e4bel","og_description":"Die B\u00fchler Gesundheitstage am vergangenen Wochenende im B\u00fcrgerhaus Neuer Markt waren eine gro\u00dfartige Erfahrung! Als Aussteller durften wir viele spannende Gespr\u00e4che f\u00fchren und interessierte Besucher \u00fcber unsere effektiven L\u00f6sungen zum Schutz der Insekten informieren. \ud83e\udeb0 Ein Dankesch\u00f6n an die Veranstalter &hellip; Weiterlesen &rarr;","og_url":"https:\/\/holzfit.com\/index.php\/2025\/03\/20\/31-buehler-gesundheitstage-ein-voller-erfolg\/","og_site_name":"Holzfit Kn\u00e4bel","article_publisher":"https:\/\/www.facebook.com\/Holzfit","article_published_time":"2025-03-20T08:23:03+00:00","article_modified_time":"2025-03-20T08:25:57+00:00","og_image":[{"width":1920,"height":2560,"url":"https:\/\/holzfit.com\/wp-content\/uploads\/2025\/03\/20250316_1-scaled.jpg","type":"image\/jpeg"}],"author":"andreas","twitter_card":"summary_large_image","twitter_misc":{"Verfasst von":"andreas","Gesch\u00e4tzte Lesezeit":"1\u00a0Minute"},"schema":{"@context":"https:\/\/schema.org","@graph":[{"@type":"Article","@id":"https:\/\/holzfit.com\/index.php\/2025\/03\/20\/31-buehler-gesundheitstage-ein-voller-erfolg\/#article","isPartOf":{"@id":"https:\/\/holzfit.com\/index.php\/2025\/03\/20\/31-buehler-gesundheitstage-ein-voller-erfolg\/"},"author":{"name":"andreas","@id":"https:\/\/holzfit.com\/#\/schema\/person\/d0d78905a027e7812592ea8b8c7e4269"},"headline":"31. B\u00fchler Gesundheitstage &#8211; ein voller Erfolg!","datePublished":"2025-03-20T08:23:03+00:00","dateModified":"2025-03-20T08:25:57+00:00","mainEntityOfPage":{"@id":"https:\/\/holzfit.com\/index.php\/2025\/03\/20\/31-buehler-gesundheitstage-ein-voller-erfolg\/"},"wordCount":62,"publisher":{"@id":"https:\/\/holzfit.com\/#organization"},"image":{"@id":"https:\/\/holzfit.com\/index.php\/2025\/03\/20\/31-buehler-gesundheitstage-ein-voller-erfolg\/#primaryimage"},"thumbnailUrl":"https:\/\/holzfit.com\/wp-content\/uploads\/2025\/03\/20250316_1-768x1024.jpg","inLanguage":"de"},{"@type":"WebPage","@id":"https:\/\/holzfit.com\/index.php\/2025\/03\/20\/31-buehler-gesundheitstage-ein-voller-erfolg\/","url":"https:\/\/holzfit.com\/index.php\/2025\/03\/20\/31-buehler-gesundheitstage-ein-voller-erfolg\/","name":"31. B\u00fchler Gesundheitstage - ein voller Erfolg! - Holzfit Kn\u00e4bel","isPartOf":{"@id":"https:\/\/holzfit.com\/#website"},"primaryImageOfPage":{"@id":"https:\/\/holzfit.com\/index.php\/2025\/03\/20\/31-buehler-gesundheitstage-ein-voller-erfolg\/#primaryimage"},"image":{"@id":"https:\/\/holzfit.com\/index.php\/2025\/03\/20\/31-buehler-gesundheitstage-ein-voller-erfolg\/#primaryimage"},"thumbnailUrl":"https:\/\/holzfit.com\/wp-content\/uploads\/2025\/03\/20250316_1-768x1024.jpg","datePublished":"2025-03-20T08:23:03+00:00","dateModified":"2025-03-20T08:25:57+00:00","breadcrumb":{"@id":"https:\/\/holzfit.com\/index.php\/2025\/03\/20\/31-buehler-gesundheitstage-ein-voller-erfolg\/#breadcrumb"},"inLanguage":"de","potentialAction":[{"@type":"ReadAction","target":["https:\/\/holzfit.com\/index.php\/2025\/03\/20\/31-buehler-gesundheitstage-ein-voller-erfolg\/"]}]},{"@type":"ImageObject","inLanguage":"de","@id":"https:\/\/holzfit.com\/index.php\/2025\/03\/20\/31-buehler-gesundheitstage-ein-voller-erfolg\/#primaryimage","url":"https:\/\/holzfit.com\/wp-content\/uploads\/2025\/03\/20250316_1-scaled.jpg","contentUrl":"https:\/\/holzfit.com\/wp-content\/uploads\/2025\/03\/20250316_1-scaled.jpg","width":1920,"height":2560},{"@type":"BreadcrumbList","@id":"https:\/\/holzfit.com\/index.php\/2025\/03\/20\/31-buehler-gesundheitstage-ein-voller-erfolg\/#breadcrumb","itemListElement":[{"@type":"ListItem","position":1,"name":"Startseite","item":"https:\/\/holzfit.com\/"},{"@type":"ListItem","position":2,"name":"31. B\u00fchler Gesundheitstage &#8211; ein voller Erfolg!"}]},{"@type":"WebSite","@id":"https:\/\/holzfit.com\/#website","url":"https:\/\/holzfit.com\/","name":"Holzfit Kn\u00e4bel","description":"f\u00fcr sch\u00f6nes, gesundes &amp; sicheres Wohnen","publisher":{"@id":"https:\/\/holzfit.com\/#organization"},"potentialAction":[{"@type":"SearchAction","target":{"@type":"EntryPoint","urlTemplate":"https:\/\/holzfit.com\/?s={search_term_string}"},"query-input":{"@type":"PropertyValueSpecification","valueRequired":true,"valueName":"search_term_string"}}],"inLanguage":"de"},{"@type":"Organization","@id":"https:\/\/holzfit.com\/#organization","name":"Holzfit Kn\u00e4bel","url":"https:\/\/holzfit.com\/","logo":{"@type":"ImageObject","inLanguage":"de","@id":"https:\/\/holzfit.com\/#\/schema\/logo\/image\/","url":"http:\/\/holzfit.com\/wp-content\/uploads\/2015\/11\/logo_knaebel_1000x222_rund.jpg","contentUrl":"http:\/\/holzfit.com\/wp-content\/uploads\/2015\/11\/logo_knaebel_1000x222_rund.jpg","width":1000,"height":222,"caption":"Holzfit Kn\u00e4bel"},"image":{"@id":"https:\/\/holzfit.com\/#\/schema\/logo\/image\/"},"sameAs":["https:\/\/www.facebook.com\/Holzfit"]},{"@type":"Person","@id":"https:\/\/holzfit.com\/#\/schema\/person\/d0d78905a027e7812592ea8b8c7e4269","name":"andreas","image":{"@type":"ImageObject","inLanguage":"de","@id":"https:\/\/secure.gravatar.com\/avatar\/5d6eb16dd7fc7e4b510ffaa2d8c3720cf7a6a39b3017ebf9c5ec8fdd577e12a0?s=96&d=mm&r=g","url":"https:\/\/secure.gravatar.com\/avatar\/5d6eb16dd7fc7e4b510ffaa2d8c3720cf7a6a39b3017ebf9c5ec8fdd577e12a0?s=96&d=mm&r=g","contentUrl":"https:\/\/secure.gravatar.com\/avatar\/5d6eb16dd7fc7e4b510ffaa2d8c3720cf7a6a39b3017ebf9c5ec8fdd577e12a0?s=96&d=mm&r=g","caption":"andreas"},"url":"https:\/\/holzfit.com\/index.php\/author\/andreas\/"}]}},"_links":{"self":[{"href":"https:\/\/holzfit.com\/index.php\/wp-json\/wp\/v2\/posts\/472","targetHints":{"allow":["GET"]}}],"collection":[{"href":"https:\/\/holzfit.com\/index.php\/wp-json\/wp\/v2\/posts"}],"about":[{"href":"https:\/\/holzfit.com\/index.php\/wp-json\/wp\/v2\/types\/post"}],"author":[{"embeddable":true,"href":"https:\/\/holzfit.com\/index.php\/wp-json\/wp\/v2\/users\/1"}],"replies":[{"embeddable":true,"href":"https:\/\/holzfit.com\/index.php\/wp-json\/wp\/v2\/comments?post=472"}],"version-history":[{"count":2,"href":"https:\/\/holzfit.com\/index.php\/wp-json\/wp\/v2\/posts\/472\/revisions"}],"predecessor-version":[{"id":477,"href":"https:\/\/holzfit.com\/index.php\/wp-json\/wp\/v2\/posts\/472\/revisions\/477"}],"wp:attachment":[{"href":"https:\/\/holzfit.com\/index.php\/wp-json\/wp\/v2\/media?parent=472"}],"wp:term":[{"taxonomy":"category","embeddable":true,"href":"https:\/\/holzfit.com\/index.php\/wp-json\/wp\/v2\/categories?post=472"},{"taxonomy":"post_tag","embeddable":true,"href":"https:\/\/holzfit.com\/index.php\/wp-json\/wp\/v2\/tags?post=472"}],"curies":[{"name":"wp","href":"https:\/\/api.w.org\/{rel}","templated":true}]}}