{"id":540,"date":"2026-03-10T17:40:28","date_gmt":"2026-03-10T16:40:28","guid":{"rendered":"https:\/\/holzfit.com\/?p=540"},"modified":"2026-03-10T17:41:27","modified_gmt":"2026-03-10T16:41:27","slug":"32-buehler-gesundheitstage","status":"publish","type":"post","link":"https:\/\/holzfit.com\/index.php\/2026\/03\/10\/32-buehler-gesundheitstage\/","title":{"rendered":"32. B\u00fchler Gesundheitstage"},"content":{"rendered":"\n<p>Besuchen Sie uns auf den B\u00fchler Gesundheitstagen! \ud83c\udf31<br>Gesundheit f\u00e4ngt nicht erst beim Sport an \u2013 sie beginnt in den eigenen vier W\u00e4nden. \ud83c\udfe0<br>Erfahren Sie hier mehr \u00fcber unsere langlebigen Aluverkleidungen und passgenauen Insektenschutzgitter \ud83e\udeb0<br>\ud83d\udccd Wo: B\u00fcrgerhaus Neuer Markt, B\u00fchl<br>\ud83d\udcc5 Wann: 14. &amp; 15. M\u00e4rz 2026<br>\ud83c\udf9f\ufe0f Eintritt: Frei<br>Mehr Infos finden Sie unter: <a href=\"https:\/\/www.buehler-gesundheitstage.de\" target=\"_blank\" rel=\"noreferrer noopener\">https:\/\/www.buehler-gesundheitstage.de<\/a><br>Wir freuen uns auf Ihren Besuch!<\/p>\n\n\n\n<figure class=\"wp-block-image size-large\"><img loading=\"lazy\" decoding=\"async\" width=\"1024\" height=\"410\" src=\"https:\/\/holzfit.com\/wp-content\/uploads\/2026\/03\/image-1024x410.png\" alt=\"\" class=\"wp-image-541\" srcset=\"https:\/\/holzfit.com\/wp-content\/uploads\/2026\/03\/image-1024x410.png 1024w, https:\/\/holzfit.com\/wp-content\/uploads\/2026\/03\/image-300x120.png 300w, https:\/\/holzfit.com\/wp-content\/uploads\/2026\/03\/image-768x307.png 768w, https:\/\/holzfit.com\/wp-content\/uploads\/2026\/03\/image-500x200.png 500w, https:\/\/holzfit.com\/wp-content\/uploads\/2026\/03\/image.png 1180w\" sizes=\"auto, (max-width: 1024px) 100vw, 1024px\" \/><\/figure>\n","protected":false},"excerpt":{"rendered":"<p>Besuchen Sie uns auf den B\u00fchler Gesundheitstagen! \ud83c\udf31Gesundheit f\u00e4ngt nicht erst beim Sport an \u2013 sie beginnt in den eigenen vier W\u00e4nden. \ud83c\udfe0Erfahren Sie hier mehr \u00fcber unsere langlebigen Aluverkleidungen und passgenauen Insektenschutzgitter \ud83e\udeb0\ud83d\udccd Wo: B\u00fcrgerhaus Neuer Markt, B\u00fchl\ud83d\udcc5 Wann: &hellip; <a href=\"https:\/\/holzfit.com\/index.php\/2026\/03\/10\/32-buehler-gesundheitstage\/\">Weiterlesen <span class=\"meta-nav\">&rarr;<\/span><\/a><\/p>\n","protected":false},"author":1,"featured_media":0,"comment_status":"closed","ping_status":"open","sticky":false,"template":"","format":"standard","meta":{"footnotes":""},"categories":[1],"tags":[],"class_list":["post-540","post","type-post","status-publish","format-standard","hentry","category-allgemein"],"yoast_head":"<!-- This site is optimized with the Yoast SEO plugin v27.4 - https:\/\/yoast.com\/product\/yoast-seo-wordpress\/ -->\n<title>32. B\u00fchler Gesundheitstage - Holzfit Kn\u00e4bel<\/title>\n<meta name=\"robots\" content=\"index, follow, max-snippet:-1, max-image-preview:large, max-video-preview:-1\" \/>\n<link rel=\"canonical\" href=\"https:\/\/holzfit.com\/index.php\/2026\/03\/10\/32-buehler-gesundheitstage\/\" \/>\n<meta property=\"og:locale\" content=\"de_DE\" \/>\n<meta property=\"og:type\" content=\"article\" \/>\n<meta property=\"og:title\" content=\"32. B\u00fchler Gesundheitstage - Holzfit Kn\u00e4bel\" \/>\n<meta property=\"og:description\" content=\"Besuchen Sie uns auf den B\u00fchler Gesundheitstagen! \ud83c\udf31Gesundheit f\u00e4ngt nicht erst beim Sport an \u2013 sie beginnt in den eigenen vier W\u00e4nden. \ud83c\udfe0Erfahren Sie hier mehr \u00fcber unsere langlebigen Aluverkleidungen und passgenauen Insektenschutzgitter \ud83e\udeb0\ud83d\udccd Wo: B\u00fcrgerhaus Neuer Markt, B\u00fchl\ud83d\udcc5 Wann: &hellip; Weiterlesen &rarr;\" \/>\n<meta property=\"og:url\" content=\"https:\/\/holzfit.com\/index.php\/2026\/03\/10\/32-buehler-gesundheitstage\/\" \/>\n<meta property=\"og:site_name\" content=\"Holzfit Kn\u00e4bel\" \/>\n<meta property=\"article:publisher\" content=\"https:\/\/www.facebook.com\/Holzfit\" \/>\n<meta property=\"article:published_time\" content=\"2026-03-10T16:40:28+00:00\" \/>\n<meta property=\"article:modified_time\" content=\"2026-03-10T16:41:27+00:00\" \/>\n<meta property=\"og:image\" content=\"https:\/\/holzfit.com\/wp-content\/uploads\/2026\/03\/image.png\" \/>\n\t<meta property=\"og:image:width\" content=\"1180\" \/>\n\t<meta property=\"og:image:height\" content=\"472\" \/>\n\t<meta property=\"og:image:type\" content=\"image\/png\" \/>\n<meta name=\"author\" content=\"andreas\" \/>\n<meta name=\"twitter:card\" content=\"summary_large_image\" \/>\n<meta name=\"twitter:label1\" content=\"Verfasst von\" \/>\n\t<meta name=\"twitter:data1\" content=\"andreas\" \/>\n\t<meta name=\"twitter:label2\" content=\"Gesch\u00e4tzte Lesezeit\" \/>\n\t<meta name=\"twitter:data2\" content=\"1\u00a0Minute\" \/>\n<script type=\"application\/ld+json\" class=\"yoast-schema-graph\">{\"@context\":\"https:\\\/\\\/schema.org\",\"@graph\":[{\"@type\":\"Article\",\"@id\":\"https:\\\/\\\/holzfit.com\\\/index.php\\\/2026\\\/03\\\/10\\\/32-buehler-gesundheitstage\\\/#article\",\"isPartOf\":{\"@id\":\"https:\\\/\\\/holzfit.com\\\/index.php\\\/2026\\\/03\\\/10\\\/32-buehler-gesundheitstage\\\/\"},\"author\":{\"name\":\"andreas\",\"@id\":\"https:\\\/\\\/holzfit.com\\\/#\\\/schema\\\/person\\\/d0d78905a027e7812592ea8b8c7e4269\"},\"headline\":\"32. B\u00fchler Gesundheitstage\",\"datePublished\":\"2026-03-10T16:40:28+00:00\",\"dateModified\":\"2026-03-10T16:41:27+00:00\",\"mainEntityOfPage\":{\"@id\":\"https:\\\/\\\/holzfit.com\\\/index.php\\\/2026\\\/03\\\/10\\\/32-buehler-gesundheitstage\\\/\"},\"wordCount\":65,\"publisher\":{\"@id\":\"https:\\\/\\\/holzfit.com\\\/#organization\"},\"image\":{\"@id\":\"https:\\\/\\\/holzfit.com\\\/index.php\\\/2026\\\/03\\\/10\\\/32-buehler-gesundheitstage\\\/#primaryimage\"},\"thumbnailUrl\":\"https:\\\/\\\/holzfit.com\\\/wp-content\\\/uploads\\\/2026\\\/03\\\/image-1024x410.png\",\"inLanguage\":\"de\"},{\"@type\":\"WebPage\",\"@id\":\"https:\\\/\\\/holzfit.com\\\/index.php\\\/2026\\\/03\\\/10\\\/32-buehler-gesundheitstage\\\/\",\"url\":\"https:\\\/\\\/holzfit.com\\\/index.php\\\/2026\\\/03\\\/10\\\/32-buehler-gesundheitstage\\\/\",\"name\":\"32. B\u00fchler Gesundheitstage - Holzfit Kn\u00e4bel\",\"isPartOf\":{\"@id\":\"https:\\\/\\\/holzfit.com\\\/#website\"},\"primaryImageOfPage\":{\"@id\":\"https:\\\/\\\/holzfit.com\\\/index.php\\\/2026\\\/03\\\/10\\\/32-buehler-gesundheitstage\\\/#primaryimage\"},\"image\":{\"@id\":\"https:\\\/\\\/holzfit.com\\\/index.php\\\/2026\\\/03\\\/10\\\/32-buehler-gesundheitstage\\\/#primaryimage\"},\"thumbnailUrl\":\"https:\\\/\\\/holzfit.com\\\/wp-content\\\/uploads\\\/2026\\\/03\\\/image-1024x410.png\",\"datePublished\":\"2026-03-10T16:40:28+00:00\",\"dateModified\":\"2026-03-10T16:41:27+00:00\",\"breadcrumb\":{\"@id\":\"https:\\\/\\\/holzfit.com\\\/index.php\\\/2026\\\/03\\\/10\\\/32-buehler-gesundheitstage\\\/#breadcrumb\"},\"inLanguage\":\"de\",\"potentialAction\":[{\"@type\":\"ReadAction\",\"target\":[\"https:\\\/\\\/holzfit.com\\\/index.php\\\/2026\\\/03\\\/10\\\/32-buehler-gesundheitstage\\\/\"]}]},{\"@type\":\"ImageObject\",\"inLanguage\":\"de\",\"@id\":\"https:\\\/\\\/holzfit.com\\\/index.php\\\/2026\\\/03\\\/10\\\/32-buehler-gesundheitstage\\\/#primaryimage\",\"url\":\"https:\\\/\\\/holzfit.com\\\/wp-content\\\/uploads\\\/2026\\\/03\\\/image.png\",\"contentUrl\":\"https:\\\/\\\/holzfit.com\\\/wp-content\\\/uploads\\\/2026\\\/03\\\/image.png\",\"width\":1180,\"height\":472},{\"@type\":\"BreadcrumbList\",\"@id\":\"https:\\\/\\\/holzfit.com\\\/index.php\\\/2026\\\/03\\\/10\\\/32-buehler-gesundheitstage\\\/#breadcrumb\",\"itemListElement\":[{\"@type\":\"ListItem\",\"position\":1,\"name\":\"Startseite\",\"item\":\"https:\\\/\\\/holzfit.com\\\/\"},{\"@type\":\"ListItem\",\"position\":2,\"name\":\"32. B\u00fchler Gesundheitstage\"}]},{\"@type\":\"WebSite\",\"@id\":\"https:\\\/\\\/holzfit.com\\\/#website\",\"url\":\"https:\\\/\\\/holzfit.com\\\/\",\"name\":\"Holzfit Kn\u00e4bel\",\"description\":\"f\u00fcr sch\u00f6nes, gesundes &amp; sicheres Wohnen\",\"publisher\":{\"@id\":\"https:\\\/\\\/holzfit.com\\\/#organization\"},\"potentialAction\":[{\"@type\":\"SearchAction\",\"target\":{\"@type\":\"EntryPoint\",\"urlTemplate\":\"https:\\\/\\\/holzfit.com\\\/?s={search_term_string}\"},\"query-input\":{\"@type\":\"PropertyValueSpecification\",\"valueRequired\":true,\"valueName\":\"search_term_string\"}}],\"inLanguage\":\"de\"},{\"@type\":\"Organization\",\"@id\":\"https:\\\/\\\/holzfit.com\\\/#organization\",\"name\":\"Holzfit Kn\u00e4bel\",\"url\":\"https:\\\/\\\/holzfit.com\\\/\",\"logo\":{\"@type\":\"ImageObject\",\"inLanguage\":\"de\",\"@id\":\"https:\\\/\\\/holzfit.com\\\/#\\\/schema\\\/logo\\\/image\\\/\",\"url\":\"http:\\\/\\\/holzfit.com\\\/wp-content\\\/uploads\\\/2015\\\/11\\\/logo_knaebel_1000x222_rund.jpg\",\"contentUrl\":\"http:\\\/\\\/holzfit.com\\\/wp-content\\\/uploads\\\/2015\\\/11\\\/logo_knaebel_1000x222_rund.jpg\",\"width\":1000,\"height\":222,\"caption\":\"Holzfit Kn\u00e4bel\"},\"image\":{\"@id\":\"https:\\\/\\\/holzfit.com\\\/#\\\/schema\\\/logo\\\/image\\\/\"},\"sameAs\":[\"https:\\\/\\\/www.facebook.com\\\/Holzfit\"]},{\"@type\":\"Person\",\"@id\":\"https:\\\/\\\/holzfit.com\\\/#\\\/schema\\\/person\\\/d0d78905a027e7812592ea8b8c7e4269\",\"name\":\"andreas\",\"image\":{\"@type\":\"ImageObject\",\"inLanguage\":\"de\",\"@id\":\"https:\\\/\\\/secure.gravatar.com\\\/avatar\\\/5d6eb16dd7fc7e4b510ffaa2d8c3720cf7a6a39b3017ebf9c5ec8fdd577e12a0?s=96&d=mm&r=g\",\"url\":\"https:\\\/\\\/secure.gravatar.com\\\/avatar\\\/5d6eb16dd7fc7e4b510ffaa2d8c3720cf7a6a39b3017ebf9c5ec8fdd577e12a0?s=96&d=mm&r=g\",\"contentUrl\":\"https:\\\/\\\/secure.gravatar.com\\\/avatar\\\/5d6eb16dd7fc7e4b510ffaa2d8c3720cf7a6a39b3017ebf9c5ec8fdd577e12a0?s=96&d=mm&r=g\",\"caption\":\"andreas\"},\"url\":\"https:\\\/\\\/holzfit.com\\\/index.php\\\/author\\\/andreas\\\/\"}]}<\/script>\n<!-- \/ Yoast SEO plugin. -->","yoast_head_json":{"title":"32. B\u00fchler Gesundheitstage - Holzfit Kn\u00e4bel","robots":{"index":"index","follow":"follow","max-snippet":"max-snippet:-1","max-image-preview":"max-image-preview:large","max-video-preview":"max-video-preview:-1"},"canonical":"https:\/\/holzfit.com\/index.php\/2026\/03\/10\/32-buehler-gesundheitstage\/","og_locale":"de_DE","og_type":"article","og_title":"32. B\u00fchler Gesundheitstage - Holzfit Kn\u00e4bel","og_description":"Besuchen Sie uns auf den B\u00fchler Gesundheitstagen! \ud83c\udf31Gesundheit f\u00e4ngt nicht erst beim Sport an \u2013 sie beginnt in den eigenen vier W\u00e4nden. \ud83c\udfe0Erfahren Sie hier mehr \u00fcber unsere langlebigen Aluverkleidungen und passgenauen Insektenschutzgitter \ud83e\udeb0\ud83d\udccd Wo: B\u00fcrgerhaus Neuer Markt, B\u00fchl\ud83d\udcc5 Wann: &hellip; Weiterlesen &rarr;","og_url":"https:\/\/holzfit.com\/index.php\/2026\/03\/10\/32-buehler-gesundheitstage\/","og_site_name":"Holzfit Kn\u00e4bel","article_publisher":"https:\/\/www.facebook.com\/Holzfit","article_published_time":"2026-03-10T16:40:28+00:00","article_modified_time":"2026-03-10T16:41:27+00:00","og_image":[{"width":1180,"height":472,"url":"https:\/\/holzfit.com\/wp-content\/uploads\/2026\/03\/image.png","type":"image\/png"}],"author":"andreas","twitter_card":"summary_large_image","twitter_misc":{"Verfasst von":"andreas","Gesch\u00e4tzte Lesezeit":"1\u00a0Minute"},"schema":{"@context":"https:\/\/schema.org","@graph":[{"@type":"Article","@id":"https:\/\/holzfit.com\/index.php\/2026\/03\/10\/32-buehler-gesundheitstage\/#article","isPartOf":{"@id":"https:\/\/holzfit.com\/index.php\/2026\/03\/10\/32-buehler-gesundheitstage\/"},"author":{"name":"andreas","@id":"https:\/\/holzfit.com\/#\/schema\/person\/d0d78905a027e7812592ea8b8c7e4269"},"headline":"32. B\u00fchler Gesundheitstage","datePublished":"2026-03-10T16:40:28+00:00","dateModified":"2026-03-10T16:41:27+00:00","mainEntityOfPage":{"@id":"https:\/\/holzfit.com\/index.php\/2026\/03\/10\/32-buehler-gesundheitstage\/"},"wordCount":65,"publisher":{"@id":"https:\/\/holzfit.com\/#organization"},"image":{"@id":"https:\/\/holzfit.com\/index.php\/2026\/03\/10\/32-buehler-gesundheitstage\/#primaryimage"},"thumbnailUrl":"https:\/\/holzfit.com\/wp-content\/uploads\/2026\/03\/image-1024x410.png","inLanguage":"de"},{"@type":"WebPage","@id":"https:\/\/holzfit.com\/index.php\/2026\/03\/10\/32-buehler-gesundheitstage\/","url":"https:\/\/holzfit.com\/index.php\/2026\/03\/10\/32-buehler-gesundheitstage\/","name":"32. B\u00fchler Gesundheitstage - Holzfit Kn\u00e4bel","isPartOf":{"@id":"https:\/\/holzfit.com\/#website"},"primaryImageOfPage":{"@id":"https:\/\/holzfit.com\/index.php\/2026\/03\/10\/32-buehler-gesundheitstage\/#primaryimage"},"image":{"@id":"https:\/\/holzfit.com\/index.php\/2026\/03\/10\/32-buehler-gesundheitstage\/#primaryimage"},"thumbnailUrl":"https:\/\/holzfit.com\/wp-content\/uploads\/2026\/03\/image-1024x410.png","datePublished":"2026-03-10T16:40:28+00:00","dateModified":"2026-03-10T16:41:27+00:00","breadcrumb":{"@id":"https:\/\/holzfit.com\/index.php\/2026\/03\/10\/32-buehler-gesundheitstage\/#breadcrumb"},"inLanguage":"de","potentialAction":[{"@type":"ReadAction","target":["https:\/\/holzfit.com\/index.php\/2026\/03\/10\/32-buehler-gesundheitstage\/"]}]},{"@type":"ImageObject","inLanguage":"de","@id":"https:\/\/holzfit.com\/index.php\/2026\/03\/10\/32-buehler-gesundheitstage\/#primaryimage","url":"https:\/\/holzfit.com\/wp-content\/uploads\/2026\/03\/image.png","contentUrl":"https:\/\/holzfit.com\/wp-content\/uploads\/2026\/03\/image.png","width":1180,"height":472},{"@type":"BreadcrumbList","@id":"https:\/\/holzfit.com\/index.php\/2026\/03\/10\/32-buehler-gesundheitstage\/#breadcrumb","itemListElement":[{"@type":"ListItem","position":1,"name":"Startseite","item":"https:\/\/holzfit.com\/"},{"@type":"ListItem","position":2,"name":"32. B\u00fchler Gesundheitstage"}]},{"@type":"WebSite","@id":"https:\/\/holzfit.com\/#website","url":"https:\/\/holzfit.com\/","name":"Holzfit Kn\u00e4bel","description":"f\u00fcr sch\u00f6nes, gesundes &amp; sicheres Wohnen","publisher":{"@id":"https:\/\/holzfit.com\/#organization"},"potentialAction":[{"@type":"SearchAction","target":{"@type":"EntryPoint","urlTemplate":"https:\/\/holzfit.com\/?s={search_term_string}"},"query-input":{"@type":"PropertyValueSpecification","valueRequired":true,"valueName":"search_term_string"}}],"inLanguage":"de"},{"@type":"Organization","@id":"https:\/\/holzfit.com\/#organization","name":"Holzfit Kn\u00e4bel","url":"https:\/\/holzfit.com\/","logo":{"@type":"ImageObject","inLanguage":"de","@id":"https:\/\/holzfit.com\/#\/schema\/logo\/image\/","url":"http:\/\/holzfit.com\/wp-content\/uploads\/2015\/11\/logo_knaebel_1000x222_rund.jpg","contentUrl":"http:\/\/holzfit.com\/wp-content\/uploads\/2015\/11\/logo_knaebel_1000x222_rund.jpg","width":1000,"height":222,"caption":"Holzfit Kn\u00e4bel"},"image":{"@id":"https:\/\/holzfit.com\/#\/schema\/logo\/image\/"},"sameAs":["https:\/\/www.facebook.com\/Holzfit"]},{"@type":"Person","@id":"https:\/\/holzfit.com\/#\/schema\/person\/d0d78905a027e7812592ea8b8c7e4269","name":"andreas","image":{"@type":"ImageObject","inLanguage":"de","@id":"https:\/\/secure.gravatar.com\/avatar\/5d6eb16dd7fc7e4b510ffaa2d8c3720cf7a6a39b3017ebf9c5ec8fdd577e12a0?s=96&d=mm&r=g","url":"https:\/\/secure.gravatar.com\/avatar\/5d6eb16dd7fc7e4b510ffaa2d8c3720cf7a6a39b3017ebf9c5ec8fdd577e12a0?s=96&d=mm&r=g","contentUrl":"https:\/\/secure.gravatar.com\/avatar\/5d6eb16dd7fc7e4b510ffaa2d8c3720cf7a6a39b3017ebf9c5ec8fdd577e12a0?s=96&d=mm&r=g","caption":"andreas"},"url":"https:\/\/holzfit.com\/index.php\/author\/andreas\/"}]}},"_links":{"self":[{"href":"https:\/\/holzfit.com\/index.php\/wp-json\/wp\/v2\/posts\/540","targetHints":{"allow":["GET"]}}],"collection":[{"href":"https:\/\/holzfit.com\/index.php\/wp-json\/wp\/v2\/posts"}],"about":[{"href":"https:\/\/holzfit.com\/index.php\/wp-json\/wp\/v2\/types\/post"}],"author":[{"embeddable":true,"href":"https:\/\/holzfit.com\/index.php\/wp-json\/wp\/v2\/users\/1"}],"replies":[{"embeddable":true,"href":"https:\/\/holzfit.com\/index.php\/wp-json\/wp\/v2\/comments?post=540"}],"version-history":[{"count":3,"href":"https:\/\/holzfit.com\/index.php\/wp-json\/wp\/v2\/posts\/540\/revisions"}],"predecessor-version":[{"id":545,"href":"https:\/\/holzfit.com\/index.php\/wp-json\/wp\/v2\/posts\/540\/revisions\/545"}],"wp:attachment":[{"href":"https:\/\/holzfit.com\/index.php\/wp-json\/wp\/v2\/media?parent=540"}],"wp:term":[{"taxonomy":"category","embeddable":true,"href":"https:\/\/holzfit.com\/index.php\/wp-json\/wp\/v2\/categories?post=540"},{"taxonomy":"post_tag","embeddable":true,"href":"https:\/\/holzfit.com\/index.php\/wp-json\/wp\/v2\/tags?post=540"}],"curies":[{"name":"wp","href":"https:\/\/api.w.org\/{rel}","templated":true}]}}